{"id":970,"date":"2015-05-27T22:02:00","date_gmt":"2015-05-27T22:02:00","guid":{"rendered":"https:\/\/www.bfv.cloud\/ajedrezeuropa\/index.php\/2015\/05\/27\/presentacion-del-equipo-de-nuestro-ajedrez-en-europa-para-el-campeonato-regional-por-clubes-absoluto\/"},"modified":"2025-11-20T10:24:44","modified_gmt":"2025-11-20T10:24:44","slug":"presentacion-del-equipo-de-nuestro-ajedrez-en-europa-para-el-campeonato-regional-por-clubes-absoluto","status":"publish","type":"post","link":"https:\/\/www.bfv.cloud\/ajedrezeuropa\/presentacion-del-equipo-de-nuestro-ajedrez-en-europa-para-el-campeonato-regional-por-clubes-absoluto\/","title":{"rendered":"PRESENTACI\u00d3N DEL EQUIPO DE NUESTRO AJEDREZ EN EUROPA PARA EL CAMPEONATO REGIONAL POR CLUBES ABSOLUTO"},"content":{"rendered":"<div class=\"separator\" style=\"clear: both;text-align: center\">\n<a href=\"https:\/\/www.bfv.cloud\/ajedrezeuropa\/wp-content\/uploads\/2015\/05\/LOGOCLUBCONNOMBRE.jpg\" style=\"clear: left;float: left;margin-bottom: 1em;margin-right: 1em\"><img fetchpriority=\"high\" decoding=\"async\" border=\"0\" height=\"240\" src=\"https:\/\/blogger.googleusercontent.com\/img\/b\/R29vZ2xl\/AVvXsEi_nnWWSryx4_gFVBMlUbqZasyN7P8V9nt2w5EyR4I3wTyu_22JMCHhyphenhyphenFHKfjAu8gYSiq8RaPPXZazHI2FP_-7r8JHJThHdulb7ijRTIjaDh8aUSoohgN-oXf-Hse5uTuUZtOWzhwlb9Rw\/s320\/LOGO+CLUB+CON+NOMBRE.jpg\" width=\"320\" \/><\/a><\/div>\n<div style=\"margin-bottom: .0001pt;margin: 0cm;text-align: justify\">\n<b><span style=\"font-family: Arial, sans-serif\">Del<br \/>\n4 al 7 de junio la ciudad de Albacete acoger\u00e1 el Campeonato Regional por<br \/>\nEquipos de la categor\u00eda absoluta que se disputar\u00e1 en el hotel Universidad. La<br \/>\nanunciada participaci\u00f3n del club \u201cNUESTRO AJEDREZ EN EUROPA\u201d se producir\u00e1<br \/>\ngracias a la combinaci\u00f3n entre jugadores pertenecientes al equipo que se<br \/>\nproclam\u00f3 campe\u00f3n provincial de Toledo con los m\u00e1s j\u00f3venes que forman el equipo<br \/>\nsub-16. El resultado de esta obligada colaboraci\u00f3n pretendemos que sea muy<br \/>\npositivo, sobre todo para la experiencia de aquellos chicos y chicas menores de<br \/>\n16 a\u00f1os que debutar\u00e1n&nbsp; en una competici\u00f3n<br \/>\nde este nivel. <\/span><\/b><\/div>\n<div style=\"margin-bottom: .0001pt;margin: 0cm;text-align: justify\">\n<b><span style=\"font-family: Arial, sans-serif\">El<br \/>\norden de fuerza de NUESTRO AJEDREZ EN EUROPA es el siguiente:<\/span><\/b><\/div>\n<div align=\"center\" style=\"margin-bottom: .0001pt;margin-bottom: 0cm;margin-left: 36.0pt;margin-right: 0cm;margin-top: 0cm;text-align: center;text-indent: -18.0pt\">\n<!--[if !supportLists]--><b><span style=\"color: blue\">1.<span style=\"font-family: 'Times New Roman';font-size: 7pt;font-weight: normal\">&nbsp;&nbsp;&nbsp;<br \/>\n<\/span><\/span><\/b><!--[endif]--><b><span style=\"color: blue\">Carlos \u00c1lvarez Serrano<\/span><\/b><\/div>\n<div align=\"center\" style=\"margin-bottom: .0001pt;margin-bottom: 0cm;margin-left: 36.0pt;margin-right: 0cm;margin-top: 0cm;text-align: center;text-indent: -18.0pt\">\n<!--[if !supportLists]--><b><span style=\"color: blue\">2.<span style=\"font-family: 'Times New Roman';font-size: 7pt;font-weight: normal\">&nbsp;&nbsp;&nbsp;<br \/>\n<\/span><\/span><\/b><!--[endif]--><b><span style=\"color: blue\">Daniel P\u00edriz Fern\u00e1ndez<\/span><\/b><\/div>\n<div align=\"center\" style=\"margin-bottom: .0001pt;margin-bottom: 0cm;margin-left: 36.0pt;margin-right: 0cm;margin-top: 0cm;text-align: center;text-indent: -18.0pt\">\n<!--[if !supportLists]--><b><span style=\"color: blue\">3.<span style=\"font-family: 'Times New Roman';font-size: 7pt;font-weight: normal\">&nbsp;&nbsp;&nbsp;<br \/>\n<\/span><\/span><\/b><!--[endif]--><b><span style=\"color: blue\">Luis Miguel Monreal Bejarano<\/span><\/b><\/div>\n<div align=\"center\" style=\"margin-bottom: .0001pt;margin-bottom: 0cm;margin-left: 36.0pt;margin-right: 0cm;margin-top: 0cm;text-align: center;text-indent: -18.0pt\">\n<!--[if !supportLists]--><b><span style=\"color: blue\">4.<span style=\"font-family: 'Times New Roman';font-size: 7pt;font-weight: normal\">&nbsp;&nbsp;&nbsp;<br \/>\n<\/span><\/span><\/b><!--[endif]--><b><span style=\"color: blue\">Javier Valdepe\u00f1as Octavio<\/span><\/b><\/div>\n<div align=\"center\" style=\"margin-bottom: .0001pt;margin-bottom: 0cm;margin-left: 36.0pt;margin-right: 0cm;margin-top: 0cm;text-align: center;text-indent: -18.0pt\">\n<!--[if !supportLists]--><b><span style=\"color: blue\">5.<span style=\"font-family: 'Times New Roman';font-size: 7pt;font-weight: normal\">&nbsp;&nbsp;&nbsp;<br \/>\n<\/span><\/span><\/b><!--[endif]--><b><span style=\"color: blue\">Irene Sim\u00f3n Escalona<\/span><\/b><\/div>\n<div align=\"center\" style=\"margin-bottom: .0001pt;margin-bottom: 0cm;margin-left: 36.0pt;margin-right: 0cm;margin-top: 0cm;text-align: center;text-indent: -18.0pt\">\n<!--[if !supportLists]--><b><span style=\"color: blue\">6.<span style=\"font-family: 'Times New Roman';font-size: 7pt;font-weight: normal\">&nbsp;&nbsp;&nbsp;<br \/>\n<\/span><\/span><\/b><!--[endif]--><b><span style=\"color: blue\">Silvia Toribio Camu\u00f1as<\/span><\/b><\/div>\n<div align=\"center\" style=\"margin-bottom: .0001pt;margin-bottom: 0cm;margin-left: 36.0pt;margin-right: 0cm;margin-top: 0cm;text-align: center;text-indent: -18.0pt\">\n<!--[if !supportLists]--><b><span style=\"color: blue\">7.<span style=\"font-family: 'Times New Roman';font-size: 7pt;font-weight: normal\">&nbsp;&nbsp;&nbsp;<br \/>\n<\/span><\/span><\/b><!--[endif]--><b><span style=\"color: blue\">Alfredo Amador And\u00fajar<\/span><\/b><\/div>\n<div style=\"margin: 0cm 0cm 0.0001pt 36pt;text-align: center;text-indent: -18pt\">\n<b style=\"text-align: justify\"><span style=\"font-family: Arial, sans-serif\">El<br \/>\nclub que se alce con la victoria en este campeonato auton\u00f3mico representar\u00e1 a<br \/>\nCastilla-La Mancha en el nacional por equipos de este a\u00f1o, el denominado CECLUB<br \/>\nde 2\u00aa divisi\u00f3n. La presencia de ajedrecistas con un gran nivel de juego asegura<br \/>\nel m\u00e1ximo inter\u00e9s durante todo el torneo, a d\u00eda de hoy son 11 los clubes que se han inscrito: Gudalajara Chess, Tomelloso, Excalibur, Tarazona, Zugzwang, Almansa, Ateneo Albacetense, Pe\u00f3n Avanzado, Nuestro Ajedrez en Europa, Todom\u00f3vil Talavera y Parque Sur de Albacete.&nbsp;<\/span><\/b><\/div>\n","protected":false},"excerpt":{"rendered":"<p>Del 4 al 7 de junio la ciudad de Albacete acoger\u00e1 el Campeonato Regional por Equipos de la categor\u00eda absoluta que se disputar\u00e1 en el hotel Universidad. La anunciada participaci\u00f3n del club \u201cNUESTRO AJEDREZ EN EUROPA\u201d se producir\u00e1 gracias a la combinaci\u00f3n entre jugadores pertenecientes al equipo que se proclam\u00f3 campe\u00f3n provincial de Toledo con [&hellip;]<\/p>\n","protected":false},"author":1,"featured_media":971,"comment_status":"open","ping_status":"closed","sticky":false,"template":"","format":"standard","meta":{"footnotes":""},"categories":[1],"tags":[],"class_list":["post-970","post","type-post","status-publish","format-standard","has-post-thumbnail","hentry","category-noticias"],"_links":{"self":[{"href":"https:\/\/www.bfv.cloud\/ajedrezeuropa\/wp-json\/wp\/v2\/posts\/970","targetHints":{"allow":["GET"]}}],"collection":[{"href":"https:\/\/www.bfv.cloud\/ajedrezeuropa\/wp-json\/wp\/v2\/posts"}],"about":[{"href":"https:\/\/www.bfv.cloud\/ajedrezeuropa\/wp-json\/wp\/v2\/types\/post"}],"author":[{"embeddable":true,"href":"https:\/\/www.bfv.cloud\/ajedrezeuropa\/wp-json\/wp\/v2\/users\/1"}],"replies":[{"embeddable":true,"href":"https:\/\/www.bfv.cloud\/ajedrezeuropa\/wp-json\/wp\/v2\/comments?post=970"}],"version-history":[{"count":1,"href":"https:\/\/www.bfv.cloud\/ajedrezeuropa\/wp-json\/wp\/v2\/posts\/970\/revisions"}],"predecessor-version":[{"id":972,"href":"https:\/\/www.bfv.cloud\/ajedrezeuropa\/wp-json\/wp\/v2\/posts\/970\/revisions\/972"}],"wp:featuredmedia":[{"embeddable":true,"href":"https:\/\/www.bfv.cloud\/ajedrezeuropa\/wp-json\/wp\/v2\/media\/971"}],"wp:attachment":[{"href":"https:\/\/www.bfv.cloud\/ajedrezeuropa\/wp-json\/wp\/v2\/media?parent=970"}],"wp:term":[{"taxonomy":"category","embeddable":true,"href":"https:\/\/www.bfv.cloud\/ajedrezeuropa\/wp-json\/wp\/v2\/categories?post=970"},{"taxonomy":"post_tag","embeddable":true,"href":"https:\/\/www.bfv.cloud\/ajedrezeuropa\/wp-json\/wp\/v2\/tags?post=970"}],"curies":[{"name":"wp","href":"https:\/\/api.w.org\/{rel}","templated":true}]}}