{"id":973,"date":"2011-11-14T00:08:00","date_gmt":"2011-11-14T00:08:00","guid":{"rendered":"https:\/\/www.bfv.cloud\/ajedrezeuropa\/index.php\/2011\/11\/14\/jugadas-la-3a-y-4a-ronda-del-provincial-absoluto-por-equipos-de-toledo-2012\/"},"modified":"2025-11-20T10:24:52","modified_gmt":"2025-11-20T10:24:52","slug":"jugadas-la-3a-y-4a-ronda-del-provincial-absoluto-por-equipos-de-toledo-2012","status":"publish","type":"post","link":"https:\/\/www.bfv.cloud\/ajedrezeuropa\/jugadas-la-3a-y-4a-ronda-del-provincial-absoluto-por-equipos-de-toledo-2012\/","title":{"rendered":"JUGADAS LA 3\u00aa Y 4\u00aa RONDA DEL PROVINCIAL ABSOLUTO POR EQUIPOS DE TOLEDO 2012"},"content":{"rendered":"<p>\ufeff <\/p>\n<table cellpadding=\"0\" cellspacing=\"0\" class=\"tr-caption-container\" style=\"float: left;margin-right: 1em;text-align: left\">\n<tbody>\n<tr>\n<td style=\"text-align: center\"><a href=\"https:\/\/www.bfv.cloud\/ajedrezeuropa\/wp-content\/uploads\/2011\/11\/FOTOSEQUIPOSTOLEDO2012011.jpg\" style=\"clear: left;margin-bottom: 1em;margin-left: auto;margin-right: auto\"><img decoding=\"async\" border=\"0\" height=\"300px\" src=\"https:\/\/blogger.googleusercontent.com\/img\/b\/R29vZ2xl\/AVvXsEhSLWdaH1W8bGWvD9bRTWyLHGGsvDOaFeHlhvHeaggEiS3msVIA6hnULAz7BiX7EJRItbjeo6GeIfXDYzmNFO8vmn-9uFAeDfXg875o-qwuOIrGMkF3DSp8DsaHiCSptxWW-F_pF1XD2AU\/s400\/FOTOS+EQUIPOS+TOLEDO+2012+011.jpg\" width=\"400px\" \/><\/a><\/td>\n<\/tr>\n<tr>\n<td class=\"tr-caption\" style=\"text-align: center\">Nuestro Ajedrez en Europa-A cay\u00f3 derrotado por Talavera-A en la<br \/>\n3\u00aa ronda por 0,5 a 3,5, mientras en la ronda de la tarde venci\u00f3<br \/>\na Coordinadora-A (Toledo)&nbsp; por 2,5 a 1,5<\/td>\n<\/tr>\n<\/tbody>\n<\/table>\n<p>\ufeff &nbsp;Se ha celebrado la 2\u00aa jornada del Campeonato Provincial Absoluto por Equipos de Toledo 2012 en su 1\u00aa divisi\u00f3n, los resultados figuran distribuidos en las leyendas&nbsp;de las respectivas fotograf\u00edas de nuestros 4 equipos.<br \/>\nTras disputarse la 3\u00aa y 4\u00aa ronda as\u00ed van situados los clubes que representan nuestro proyecto:<br \/>\nNuestro Ajedrez en Europa-A:&nbsp;4\u00aa posici\u00f3n.<br \/>\nNuestro Ajedrez por la igualdad-B: 8\u00aa posici\u00f3n.<br \/>\nNuestro Ajedrez en Europa-B:&nbsp; 11\u00aa posici\u00f3n.<br \/>\nNuestro Ajedrez por la Igualdad-A: 13\u00ba clasificado.<br \/>\n\ufeff\ufeff <\/p>\n<table cellpadding=\"0\" cellspacing=\"0\" class=\"tr-caption-container\" style=\"float: right;margin-left: 1em;text-align: right\">\n<tbody>\n<tr>\n<td style=\"text-align: center\"><a href=\"https:\/\/www.bfv.cloud\/ajedrezeuropa\/wp-content\/uploads\/2011\/11\/FOTOSEQUIPOSTOLEDO2012020.jpg\" style=\"clear: right;margin-bottom: 1em;margin-left: auto;margin-right: auto\"><img decoding=\"async\" border=\"0\" height=\"300px\" src=\"https:\/\/blogger.googleusercontent.com\/img\/b\/R29vZ2xl\/AVvXsEgLNFErAedz3tTgnsvC1da-2Ii8bMMuTkM3Av4P4WvhEMdNpljgJd9pKki0UwyyWFhhGMtzG2rqNtOm4set9uHGrtNFfMGZ6OvN1r4LLHD6CNV90V8xmSzDevhjoTMordCEv_RdxWwT0As\/s400\/FOTOS+EQUIPOS+TOLEDO+2012+020.jpg\" width=\"400px\" \/><\/a><\/td>\n<\/tr>\n<tr>\n<td class=\"tr-caption\" style=\"text-align: center\">Una imagen de la 4\u00aa ronda que enfrent\u00f3 a Nuestro Ajedrez en Europa-B <br \/>\na Coordinadora-B con el resultado de 2,5 a 1,5. <br \/>\nPor la ma\u00f1ana, nuestro equipo empat\u00f3 a 2 con Bargas-B<\/td>\n<\/tr>\n<\/tbody>\n<\/table>\n<p>\ufeff\ufeff &nbsp;El s\u00e1bado 19 de noviembre se celebrar\u00e1 la 3\u00aa jornada, jug\u00e1ndose a partir de las 16 horas la 5\u00aa ronda en un lugar distinto al habitual. La delegaci\u00f3n de ajedrez de Toledo ha sustituido el Centro Social del pol\u00edgono por la Sala de Exposiciones del ayuntamiento de Bargas para esta ronda \u00fanica.<br \/>\nEl emparejamiento es el siguiente:<br \/>\nLos Navalmorales-Talavera \u00abA\u00bb<br \/>\nYebel-Bargas \u00abA\u00bb<br \/>\nSonseca-Nuestro Ajedrez en Europa \u00abA\u00bb<br \/>\nCoordinadora \u00abA\u00bb-Bargas \u00abB\u00bb<br \/>\nTalavera \u00abB\u00bb-Nuestro Ajedrez por la Igualdad \u00abB\u00bb<br \/>\nOca\u00f1a-Nuestro Ajedrez en Europa \u00abB\u00bb<br \/>\nNuestro Ajedrez por la Igualdad \u00abA\u00bb-Coordinadora \u00abB\u00bb<br \/>\n\ufeff <\/p>\n<table cellpadding=\"0\" cellspacing=\"0\" class=\"tr-caption-container\" style=\"float: right;margin-left: 1em;text-align: right\">\n<tbody>\n<tr>\n<td style=\"text-align: center\"><a href=\"https:\/\/www.bfv.cloud\/ajedrezeuropa\/wp-content\/uploads\/2011\/11\/FOTOSEQUIPOSTOLEDO2012012.jpg\" style=\"clear: right;margin-bottom: 1em;margin-left: auto;margin-right: auto\"><img decoding=\"async\" border=\"0\" height=\"300px\" src=\"https:\/\/blogger.googleusercontent.com\/img\/b\/R29vZ2xl\/AVvXsEjNkx_D7T1_H5soWVmBOl0oiJcygO0TklognW_653PnACxstKrka02gyMhM-H79MGvo9QqOxhkrJN6a_iwy-KFV4MWX8MbSs9zr_eZ8awNKX-XbKWv96dtkuxqq9meTIf7JoNK1na8KrRo\/s400\/FOTOS+EQUIPOS+TOLEDO+2012+012.jpg\" width=\"400px\" \/><\/a><\/td>\n<\/tr>\n<tr>\n<td class=\"tr-caption\" style=\"text-align: center\">Ronda 3:&nbsp;Coordinadora-B, 0,5 &#8211; Nuestro Ajedrez por la Igualdad-B, 3,5<br \/>\nRonda 4: Nuestro Ajedrez por la Igualdad-B, 0,5 &#8211; Los Navalmorales, 3,5<\/td>\n<\/tr>\n<\/tbody>\n<\/table>\n<p>\ufeff <br \/>\n\ufeff\ufeff <\/p>\n<table cellpadding=\"0\" cellspacing=\"0\" class=\"tr-caption-container\" style=\"float: left;margin-right: 1em;text-align: left\">\n<tbody>\n<tr>\n<td style=\"text-align: center\"><a href=\"https:\/\/www.bfv.cloud\/ajedrezeuropa\/wp-content\/uploads\/2011\/11\/FOTOSEQUIPOSTOLEDO2012017.jpg\" style=\"clear: left;margin-bottom: 1em;margin-left: auto;margin-right: auto\"><img decoding=\"async\" border=\"0\" height=\"300px\" src=\"https:\/\/blogger.googleusercontent.com\/img\/b\/R29vZ2xl\/AVvXsEihyBY9C_IkGemY6Iy6vBxbYgU9hT40jujgx9DeVNRYZlXFZWU75LXUdzTDw4-TJ1eIjZe92Tvccz_sMWIONziqy35iXeySSYtR8odCf9f4I5azGSyER4Rn9QYxqHsHXR8GMG4c8bYJ-mI\/s400\/FOTOS+EQUIPOS+TOLEDO+2012+017.jpg\" width=\"400px\" \/><\/a><\/td>\n<\/tr>\n<tr>\n<td class=\"tr-caption\" style=\"text-align: center\">El equipo de Nuestro Ajedrez por la Igualdad-A, representado este<br \/>\na\u00f1o por los antiguos alumnos de la escuela de Villafranca, obtuvo <br \/>\nun empate a 2 con Talavera-B por la ma\u00f1ana, cayendo derrotado<br \/>\npor la tarde por 1,5-2,5 por Bargas-B.<\/td>\n<\/tr>\n<\/tbody>\n<\/table>\n<p>\ufeff\ufeff Para seguir los resultados pod\u00e9is pinchar sobre el siguiente enlace:<br \/>\n<a href=\"http:\/\/chess-results.com\/tnr59142.aspx?art=2&amp;rd=5&amp;lan=2\">Emparejamiento y resultados 5\u00aa ronda<\/a><br \/>\n\ufeff <\/p>\n<table align=\"center\" cellpadding=\"0\" cellspacing=\"0\" class=\"tr-caption-container\" style=\"margin-left: auto;margin-right: auto;text-align: center\">\n<tbody>\n<tr>\n<td style=\"text-align: center\"><a href=\"https:\/\/www.bfv.cloud\/ajedrezeuropa\/wp-content\/uploads\/2011\/11\/FOTOSEQUIPOSTOLEDO2012014.jpg\" style=\"margin-left: auto;margin-right: auto\"><img decoding=\"async\" border=\"0\" height=\"300px\" src=\"https:\/\/blogger.googleusercontent.com\/img\/b\/R29vZ2xl\/AVvXsEh0n8SXgoPdAReMtpfvt1TYs2hMwSLtGhOtnH9AU0b1ihfSaq-JtlaNGn7yGtCqrHqlkuiT8PXOQQdOHGsQd0o5t73iaNBghHDWHh7E0aYAPve8gWXoRGWDkrqts4dIklxmKFZpC5lQmXM\/s400\/FOTOS+EQUIPOS+TOLEDO+2012+014.jpg\" width=\"400px\" \/><\/a><\/td>\n<\/tr>\n<tr>\n<td class=\"tr-caption\" style=\"text-align: center\">Y a la hora del&nbsp;almuerzo &#8230;&nbsp;todos los chicos y chicas de nuestros equipos<br \/>\ncomen juntos en el centro comercial \u00abLa Luz del Tajo\u00bb<\/td>\n<\/tr>\n<\/tbody>\n<\/table>\n<p>\ufeff<\/p>\n","protected":false},"excerpt":{"rendered":"<p>\ufeff Nuestro Ajedrez en Europa-A cay\u00f3 derrotado por Talavera-A en la 3\u00aa ronda por 0,5 a 3,5, mientras en la ronda de la tarde venci\u00f3 a Coordinadora-A (Toledo)&nbsp; por 2,5 a 1,5 \ufeff &nbsp;Se ha celebrado la 2\u00aa jornada del Campeonato Provincial Absoluto por Equipos de Toledo 2012 en su 1\u00aa divisi\u00f3n, los resultados figuran [&hellip;]<\/p>\n","protected":false},"author":1,"featured_media":974,"comment_status":"open","ping_status":"closed","sticky":false,"template":"","format":"standard","meta":{"footnotes":""},"categories":[1],"tags":[],"class_list":["post-973","post","type-post","status-publish","format-standard","has-post-thumbnail","hentry","category-noticias"],"_links":{"self":[{"href":"https:\/\/www.bfv.cloud\/ajedrezeuropa\/wp-json\/wp\/v2\/posts\/973","targetHints":{"allow":["GET"]}}],"collection":[{"href":"https:\/\/www.bfv.cloud\/ajedrezeuropa\/wp-json\/wp\/v2\/posts"}],"about":[{"href":"https:\/\/www.bfv.cloud\/ajedrezeuropa\/wp-json\/wp\/v2\/types\/post"}],"author":[{"embeddable":true,"href":"https:\/\/www.bfv.cloud\/ajedrezeuropa\/wp-json\/wp\/v2\/users\/1"}],"replies":[{"embeddable":true,"href":"https:\/\/www.bfv.cloud\/ajedrezeuropa\/wp-json\/wp\/v2\/comments?post=973"}],"version-history":[{"count":1,"href":"https:\/\/www.bfv.cloud\/ajedrezeuropa\/wp-json\/wp\/v2\/posts\/973\/revisions"}],"predecessor-version":[{"id":979,"href":"https:\/\/www.bfv.cloud\/ajedrezeuropa\/wp-json\/wp\/v2\/posts\/973\/revisions\/979"}],"wp:featuredmedia":[{"embeddable":true,"href":"https:\/\/www.bfv.cloud\/ajedrezeuropa\/wp-json\/wp\/v2\/media\/974"}],"wp:attachment":[{"href":"https:\/\/www.bfv.cloud\/ajedrezeuropa\/wp-json\/wp\/v2\/media?parent=973"}],"wp:term":[{"taxonomy":"category","embeddable":true,"href":"https:\/\/www.bfv.cloud\/ajedrezeuropa\/wp-json\/wp\/v2\/categories?post=973"},{"taxonomy":"post_tag","embeddable":true,"href":"https:\/\/www.bfv.cloud\/ajedrezeuropa\/wp-json\/wp\/v2\/tags?post=973"}],"curies":[{"name":"wp","href":"https:\/\/api.w.org\/{rel}","templated":true}]}}