{"id":983,"date":"2010-07-18T10:24:00","date_gmt":"2010-07-18T10:24:00","guid":{"rendered":"https:\/\/www.bfv.cloud\/ajedrezeuropa\/index.php\/2010\/07\/18\/4-de-nuestros-jugadores-en-el-campeonato-de-espana-sub-16\/"},"modified":"2025-11-20T10:24:57","modified_gmt":"2025-11-20T10:24:57","slug":"4-de-nuestros-jugadores-en-el-campeonato-de-espana-sub-16","status":"publish","type":"post","link":"https:\/\/www.bfv.cloud\/ajedrezeuropa\/4-de-nuestros-jugadores-en-el-campeonato-de-espana-sub-16\/","title":{"rendered":"4 DE NUESTROS JUGADORES EN EL CAMPEONATO DE ESPA\u00d1A SUB-16"},"content":{"rendered":"<div class=\"separator\" style=\"clear: both;text-align: center\"><a href=\"https:\/\/www.bfv.cloud\/ajedrezeuropa\/wp-content\/uploads\/2010\/07\/campeonatoEspaC3B1aequiposS-162009005.jpg\" style=\"clear: right;float: right;margin-bottom: 1em;margin-left: 1em\"><img decoding=\"async\" border=\"0\" src=\"https:\/\/blogger.googleusercontent.com\/img\/b\/R29vZ2xl\/AVvXsEhbhdlR17D2nPk_1_2YGmOS_dcS9muvkGiKF0IH45ruwMGVJVKueHIuWYyUdaCMzrUuYq9s_d_oWauGzq7vjERP5pDRQ5WB9KiIqFsC6DgfzNtJS9cFSi0P9qGyohfdXp9d5ci8-l2z__c\/s320\/campeonato+Espa%C3%B1a+equipos+S-16+2009+005.jpg\" \/><\/a><span style=\", Arial, Helvetica, sans-serif\">Santiago Talavera, Daniel P\u00edriz, Jorge Sim\u00f3n y Sergio Valencia acuden ma\u00f1ana lunes al Campeonato de Espa\u00f1a sub-16 individual que dar\u00e1 comienzo este martes, d\u00eda 20, en la localidad jienense de Linares. Estos 4 chicos representan a nuestra escuela, club y proyecto en un gran n\u00famero de competiciones anualmente, siendo la generaci\u00f3n de mayor talento ajedrec\u00edstico que hasta ahora hemos tenido, su principal valor es la honestidad con sus compa\u00f1eros y sus rivales. Por tanto, sean los que fueren sus resultados deportivos, siempre contaremos como \u00e9xito sus proridades \u00e9ticas y sus altas condiciones personales.<\/span><\/div>\n<div class=\"separator\" style=\"clear: both;text-align: center\">\n<\/div>\n<div class=\"separator\" style=\"clear: both;text-align: center\">&nbsp;<a href=\"https:\/\/www.bfv.cloud\/ajedrezeuropa\/wp-content\/uploads\/2010\/07\/SantiagoySilviaronda2.jpg\" style=\"margin-left: 1em;margin-right: 1em\"><img decoding=\"async\" border=\"0\" src=\"https:\/\/blogger.googleusercontent.com\/img\/b\/R29vZ2xl\/AVvXsEjf6yvo8jb4N7PMmUOlfoRfh1otXHRh_OK2GtUoEgU0CGemX4MXttOeeboQWi6RUfdaOMlMZh-qvQniiXq2ErUt9f_FSsFDZ4DybKku06mmVBbkGlKea5Fn-wS6n9Qr_1RbhUGGCR1FqU0\/s320\/Santiago+y+Silvia+ronda+2.jpg\" \/><\/a><\/div>\n<p><\/p>\n<div align=\"center\"><span style=\", Arial, Helvetica, sans-serif\">Dentro de estos mismos campeonatos nacionales por edades, el pasado domingo, finalizaba la categor\u00eda sub-12, donde estuvo presente como jugadora Silvia Toribio, que en la foto aparece acompa\u00f1ada por Santi Talavera el que ha sido su entrenador durante la competici\u00f3n, habiendo obtenido 2,5 puntos despues de firmar 5 tablas. Al margen de este resultado, la experiencia en la preparaci\u00f3n y el aprendizaje ha sido muy positiva para ambos. Continuaremos por este camino, abierto durante esta temporada, en la que los chicos con mayores conocimientos y edad aportan sus entrenamientos a los m\u00e1s peque\u00f1os.<\/span><\/div>\n<div align=\"center\">\n<\/div>\n<div align=\"center\">\n<\/div>\n<div align=\"center\" style=\"border-bottom: medium none;border-left: medium none;border-right: medium none;border-top: medium none\"><a href=\"https:\/\/www.bfv.cloud\/ajedrezeuropa\/wp-content\/uploads\/2010\/07\/deporteenlacalle2010.jpg\" style=\"clear: left;float: left;margin-bottom: 1em;margin-right: 1em\"><img decoding=\"async\" border=\"0\" src=\"https:\/\/blogger.googleusercontent.com\/img\/b\/R29vZ2xl\/AVvXsEgKSqEYeUssK6pG4pDy8y_nVwm5TjD6A2V0aVL_9EHHYWzbfneA7BGgi9bXLY4Na2QL6IOJnTSg7IIbZzsv3zE6hTaUtOXSMIbEJYc1ajE_X98yZOgdImBB7rhQq7gyPKkCBF0suUv0UwA\/s320\/deporte+en+la+calle+2010.jpg\" \/><\/a><span style=\"font-family: Arial\">Otra de las actividades desarrolladas este mismo fin de semana con los ni\u00f1os y ni\u00f1as m\u00e1s peque\u00f1itos ha sido la promovida por la concejal\u00eda de deportes del ayuntamiento de Villafranca bajo el nombre de \u00abdeporte en la calle\u00bb. Las&nbsp;disciplinas deportivas&nbsp;desarrolladas han sido las de ping-pong, f\u00fatbol sala, baloncesto y, por supuesto, las dos&nbsp;m\u00e1s practicadas por los chicos y chicas de nuestro pueblo: el balomnano y el ajedrez. As\u00ed es que, una vez m\u00e1s, \u00abnuestro ajedrez\u00bb se acerc\u00f3 a la calle de la mano de 14&nbsp;jovenc\u00edsimas promesas del tablero.<\/span><\/div>\n<div class=\"separator\" style=\"clear: both;text-align: center\">\n<\/div>\n<div align=\"center\">\n<\/div>\n","protected":false},"excerpt":{"rendered":"<p>Santiago Talavera, Daniel P\u00edriz, Jorge Sim\u00f3n y Sergio Valencia acuden ma\u00f1ana lunes al Campeonato de Espa\u00f1a sub-16 individual que dar\u00e1 comienzo este martes, d\u00eda 20, en la localidad jienense de Linares. Estos 4 chicos representan a nuestra escuela, club y proyecto en un gran n\u00famero de competiciones anualmente, siendo la generaci\u00f3n de mayor talento ajedrec\u00edstico [&hellip;]<\/p>\n","protected":false},"author":1,"featured_media":984,"comment_status":"open","ping_status":"closed","sticky":false,"template":"","format":"standard","meta":{"footnotes":""},"categories":[1],"tags":[],"class_list":["post-983","post","type-post","status-publish","format-standard","has-post-thumbnail","hentry","category-noticias"],"_links":{"self":[{"href":"https:\/\/www.bfv.cloud\/ajedrezeuropa\/wp-json\/wp\/v2\/posts\/983","targetHints":{"allow":["GET"]}}],"collection":[{"href":"https:\/\/www.bfv.cloud\/ajedrezeuropa\/wp-json\/wp\/v2\/posts"}],"about":[{"href":"https:\/\/www.bfv.cloud\/ajedrezeuropa\/wp-json\/wp\/v2\/types\/post"}],"author":[{"embeddable":true,"href":"https:\/\/www.bfv.cloud\/ajedrezeuropa\/wp-json\/wp\/v2\/users\/1"}],"replies":[{"embeddable":true,"href":"https:\/\/www.bfv.cloud\/ajedrezeuropa\/wp-json\/wp\/v2\/comments?post=983"}],"version-history":[{"count":1,"href":"https:\/\/www.bfv.cloud\/ajedrezeuropa\/wp-json\/wp\/v2\/posts\/983\/revisions"}],"predecessor-version":[{"id":987,"href":"https:\/\/www.bfv.cloud\/ajedrezeuropa\/wp-json\/wp\/v2\/posts\/983\/revisions\/987"}],"wp:featuredmedia":[{"embeddable":true,"href":"https:\/\/www.bfv.cloud\/ajedrezeuropa\/wp-json\/wp\/v2\/media\/984"}],"wp:attachment":[{"href":"https:\/\/www.bfv.cloud\/ajedrezeuropa\/wp-json\/wp\/v2\/media?parent=983"}],"wp:term":[{"taxonomy":"category","embeddable":true,"href":"https:\/\/www.bfv.cloud\/ajedrezeuropa\/wp-json\/wp\/v2\/categories?post=983"},{"taxonomy":"post_tag","embeddable":true,"href":"https:\/\/www.bfv.cloud\/ajedrezeuropa\/wp-json\/wp\/v2\/tags?post=983"}],"curies":[{"name":"wp","href":"https:\/\/api.w.org\/{rel}","templated":true}]}}