{"id":993,"date":"2011-08-15T10:04:00","date_gmt":"2011-08-15T10:04:00","guid":{"rendered":"https:\/\/www.bfv.cloud\/ajedrezeuropa\/index.php\/2011\/08\/15\/viii-torneo-de-la-escuela-de-verano\/"},"modified":"2025-11-20T10:25:02","modified_gmt":"2025-11-20T10:25:02","slug":"viii-torneo-de-la-escuela-de-verano","status":"publish","type":"post","link":"https:\/\/www.bfv.cloud\/ajedrezeuropa\/viii-torneo-de-la-escuela-de-verano\/","title":{"rendered":"VIII TORNEO DE LA ESCUELA DE VERANO"},"content":{"rendered":"<div class=\"separator\" style=\"clear: both;text-align: center\"><a href=\"https:\/\/www.bfv.cloud\/ajedrezeuropa\/wp-content\/uploads\/2011\/08\/carteltorneodeni25C325B1os2011enjpg.jpg\" style=\"clear: right;float: right;margin-bottom: 1em;margin-left: 1em\"><img fetchpriority=\"high\" decoding=\"async\" border=\"0\" height=\"400\" src=\"https:\/\/blogger.googleusercontent.com\/img\/b\/R29vZ2xl\/AVvXsEhots2P_OyvPH7LLNTPV2PSae4ae7gXzYBmIZCYpHNG8hR-Zt-TBphs0Cvqiq3RaxYNvUXs55xgyGCK7gHHlLL2NhRRzcL6HbgV0qlkEg9Ypk_ina9cdZUPQlgw3nseH_6AhhX4XWrZGAk\/s400\/cartel+torneo+de++ni%25C3%25B1os+2011+en+jpg.JPG\" width=\"282\" \/><\/a><\/div>\n<p>Para poner cierre a la temporada de verano en nuestra escuela de Villafranca, el pr\u00f3ximo s\u00e1bado 27 de agosto a partir de las 4 de la tarde, se celebrar\u00e1 la 8\u00aa edici\u00f3n del Torneo de Ajedrez para Ni\u00f1os. Participar\u00e1n los 26 chicos y chicas inscritos durante el periodo estival m\u00e1s&nbsp;el resto de&nbsp;alumnos y alumnas de las escuelas de Alc\u00e1zar y Villafranca.<br \/>\nEl horario, lugar y premios figuran detallados en este cartel.<\/p>\n<div class=\"separator\" style=\"clear: both;text-align: center\"><\/div>\n","protected":false},"excerpt":{"rendered":"<p>Para poner cierre a la temporada de verano en nuestra escuela de Villafranca, el pr\u00f3ximo s\u00e1bado 27 de agosto a partir de las 4 de la tarde, se celebrar\u00e1 la 8\u00aa edici\u00f3n del Torneo de Ajedrez para Ni\u00f1os. Participar\u00e1n los 26 chicos y chicas inscritos durante el periodo estival m\u00e1s&nbsp;el resto de&nbsp;alumnos y alumnas de [&hellip;]<\/p>\n","protected":false},"author":1,"featured_media":994,"comment_status":"open","ping_status":"closed","sticky":false,"template":"","format":"standard","meta":{"footnotes":""},"categories":[1],"tags":[],"class_list":["post-993","post","type-post","status-publish","format-standard","has-post-thumbnail","hentry","category-noticias"],"_links":{"self":[{"href":"https:\/\/www.bfv.cloud\/ajedrezeuropa\/wp-json\/wp\/v2\/posts\/993","targetHints":{"allow":["GET"]}}],"collection":[{"href":"https:\/\/www.bfv.cloud\/ajedrezeuropa\/wp-json\/wp\/v2\/posts"}],"about":[{"href":"https:\/\/www.bfv.cloud\/ajedrezeuropa\/wp-json\/wp\/v2\/types\/post"}],"author":[{"embeddable":true,"href":"https:\/\/www.bfv.cloud\/ajedrezeuropa\/wp-json\/wp\/v2\/users\/1"}],"replies":[{"embeddable":true,"href":"https:\/\/www.bfv.cloud\/ajedrezeuropa\/wp-json\/wp\/v2\/comments?post=993"}],"version-history":[{"count":1,"href":"https:\/\/www.bfv.cloud\/ajedrezeuropa\/wp-json\/wp\/v2\/posts\/993\/revisions"}],"predecessor-version":[{"id":995,"href":"https:\/\/www.bfv.cloud\/ajedrezeuropa\/wp-json\/wp\/v2\/posts\/993\/revisions\/995"}],"wp:featuredmedia":[{"embeddable":true,"href":"https:\/\/www.bfv.cloud\/ajedrezeuropa\/wp-json\/wp\/v2\/media\/994"}],"wp:attachment":[{"href":"https:\/\/www.bfv.cloud\/ajedrezeuropa\/wp-json\/wp\/v2\/media?parent=993"}],"wp:term":[{"taxonomy":"category","embeddable":true,"href":"https:\/\/www.bfv.cloud\/ajedrezeuropa\/wp-json\/wp\/v2\/categories?post=993"},{"taxonomy":"post_tag","embeddable":true,"href":"https:\/\/www.bfv.cloud\/ajedrezeuropa\/wp-json\/wp\/v2\/tags?post=993"}],"curies":[{"name":"wp","href":"https:\/\/api.w.org\/{rel}","templated":true}]}}