{"id":996,"date":"2024-09-15T12:08:00","date_gmt":"2024-09-15T12:08:00","guid":{"rendered":"https:\/\/www.bfv.cloud\/ajedrezeuropa\/index.php\/2024\/09\/15\/comienza-la-temporada-de-nuestras-escuelas-deportivas-de-alcazar-de-san-juan-illescas-consuegra-y-villafranca-de-los-caballeros\/"},"modified":"2025-11-20T10:25:07","modified_gmt":"2025-11-20T10:25:07","slug":"comienza-la-temporada-de-nuestras-escuelas-deportivas-de-alcazar-de-san-juan-illescas-consuegra-y-villafranca-de-los-caballeros","status":"publish","type":"post","link":"https:\/\/www.bfv.cloud\/ajedrezeuropa\/comienza-la-temporada-de-nuestras-escuelas-deportivas-de-alcazar-de-san-juan-illescas-consuegra-y-villafranca-de-los-caballeros\/","title":{"rendered":"COMIENZA LA TEMPORADA DE NUESTRAS ESCUELAS DEPORTIVAS DE ALC\u00c1ZAR DE SAN JUAN, ILLESCAS, CONSUEGRA Y VILLAFRANCA DE LOS CABALLEROS"},"content":{"rendered":"<\/p>\n<div class=\"separator\" style=\"clear: both;text-align: center\"><a href=\"https:\/\/www.bfv.cloud\/ajedrezeuropa\/wp-content\/uploads\/2024\/09\/CARTEL20COMIENZO20CLASES20ALCAZAR202024-2520-_001.jpg\" style=\"margin-left: 1em;margin-right: 1em\"><img fetchpriority=\"high\" decoding=\"async\" border=\"0\" data-original-height=\"1191\" data-original-width=\"842\" height=\"640\" src=\"https:\/\/blogger.googleusercontent.com\/img\/b\/R29vZ2xl\/AVvXsEgMMT5O6m6WxKdde2y8IaIwnk5K2_vi35nKtILFY2hfEgsccIhIXO6njvKjFvMnZAbypVRAQV1ZAbiVcIFd_yU27c1urBL6byRSsYkTSfdUMbTQTDLmUit8DbSJ6bwCqVFRJ6quYyqdoWOkcjV-y6ou59tPVaWuRapZuBZ_wySsO88-jO_7M2S9jK-fAm8\/w452-h640\/CARTEL%20COMIENZO%20CLASES%20ALCAZAR%202024-25%20-_001.jpg\" width=\"452\" \/><\/a><\/div>\n<p>&nbsp;<span style=\"font-family: helvetica;font-size: large\">En octubre comenzar\u00e1n las clases e nuestras escuelas deportivas. El orden ser\u00e1: <b>martes 1 de octubre en Consuegra; mi\u00e9rcoles 2 de octubre en Illescas; s\u00e1bado 5 de octubre en Alc\u00e1zar de San juan (ma\u00f1ana) y ese mismo s\u00e1bado, por la tarde, en&nbsp; Villafranca de los Caballeros.<\/b><\/span><\/p>\n<p><span style=\"font-family: helvetica;font-size: large\"><i><\/i><\/span><\/p>\n<div class=\"separator\" style=\"clear: both;text-align: center\"><span style=\"font-family: helvetica;font-size: large\"><i><a href=\"https:\/\/www.bfv.cloud\/ajedrezeuropa\/wp-content\/uploads\/2024\/09\/FICHA20INSCRIP20ESC20AJEDREZ20TEMP202024-25_001.jpg\" style=\"margin-left: 1em;margin-right: 1em\"><img decoding=\"async\" border=\"0\" data-original-height=\"842\" data-original-width=\"595\" height=\"640\" src=\"https:\/\/blogger.googleusercontent.com\/img\/b\/R29vZ2xl\/AVvXsEgAdMnMX3MrKrfrvf_uxPo-X-Hrwa-lkSR8A3DdZQpFxz9QLrH0PZ9I8r-YsNoDOROa-9ecEcid__lsBlsWZ3rQPW5PhuFp_wkwjLcEYK5zylmJsRyz76zPx_0YkP0-nUEJb-W_ZlSNMw7XxNso41TUbIBv-hu84p-SxLilEUoL2rfyHs-nMzgKJVixUFM\/w452-h640\/FICHA%20INSCRIP%20ESC%20AJEDREZ%20TEMP%202024-25_001.jpg\" width=\"452\" \/><\/a><\/i><\/span><\/div>\n<p><span style=\"font-family: helvetica;font-size: large\"><i><br \/>Las inscripciones para las escuelas de ajedrez de Consuegra y Villafranca se gestionan directamente desde los servicios de deportes de cada ayuntamiento, accediendo a los siguientes enlaces:<\/i><\/span><\/p>\n<p><span style=\"font-family: helvetica;font-size: large\"><i><a href=\"https:\/\/tramites.aymo.es\/villafranca-de-los-caballeros\/inscripciones\" target=\"_blank\"><span style=\"color: #741b47\"><b>ENLACE INSCRIPCIONES AYTO VILLAFRANCA (HASTA EL 20 DE SEPTIEMBRE)<\/b><\/span><\/a><\/i><\/span><\/p>\n<p><span style=\"font-family: helvetica;font-size: large\"><a href=\"https:\/\/aytoconsuegra.es\/escuelas-deportivas\/\" target=\"_blank\"><span style=\"color: #38761d\"><b>ENLACE PREINSCRPCIONES AYTO CONSUEGRA (CONTACTAR CON SERVICIO DEPORTES)<\/b><\/span><\/a><br \/><\/span><\/p>\n<p><span style=\"font-family: helvetica;font-size: large\">Las inscripciones <b><i>para las escuelas de Alc\u00e1zar de San Juan e Illescas se realizan rellenando el formulario correspondiente<\/i><\/b> a la escuela elegida y envi\u00e1ndolo a:&nbsp;&nbsp;<a href=\"mailto:felixtoribio@nuestroajedrezeneuropa.com\">felixtoribio@nuestroajedrezeneuropa.com<\/a><\/span><\/p>\n<div class=\"separator\" style=\"clear: both;text-align: center\"><a href=\"https:\/\/www.bfv.cloud\/ajedrezeuropa\/wp-content\/uploads\/2024\/09\/020CARTEL20ESCUELA20AJEDREZ20ILLESCAS2020242025_001.jpg\" style=\"margin-left: 1em;margin-right: 1em\"><img decoding=\"async\" border=\"0\" data-original-height=\"842\" data-original-width=\"595\" height=\"640\" src=\"https:\/\/blogger.googleusercontent.com\/img\/b\/R29vZ2xl\/AVvXsEhtfMXS6apeXdAnDhZfgypwHHE32L_Y-3pMHieAwxhDib1Mr1JD2ME8-04gSkxGUAVtrS0adcUelWV7YcxavCktz4YyZ355E7JhVhBo630uJMlHsVNWXps7FQ27O0ZH71Ms-lNmbRAlRqW5iLelIQ5ZdPPlRTtlvfB1M5RUdXp1goP6K2w84LOGXIQxMIU\/w452-h640\/0%20CARTEL%20ESCUELA%20AJEDREZ%20ILLESCAS%202024%2025_001.jpg\" width=\"452\" \/><\/a><\/div>\n<p><\/p>\n<div class=\"separator\" style=\"clear: both;text-align: center\"><a href=\"https:\/\/www.bfv.cloud\/ajedrezeuropa\/wp-content\/uploads\/2024\/09\/220FICHA20INSCRIPCION20ESCUELA20AJEDREZ20TEMP202024-25_001.jpg\" style=\"margin-left: 1em;margin-right: 1em\"><img loading=\"lazy\" decoding=\"async\" border=\"0\" data-original-height=\"842\" data-original-width=\"595\" height=\"640\" src=\"https:\/\/blogger.googleusercontent.com\/img\/b\/R29vZ2xl\/AVvXsEiBp97LyGkymtmrmBIkOpU2unxTCIzc8H6JafyGy-IpXdaHErzZPFiRmaIF5b31ii94oss04IsG33RSUI4-OTOptm0_e2r4vAFTgKOoU10_nGBa1yn5S6DEWPr7fdmMRQcw5-zRKfg99V9L_BzpPC1BQw-6gsOdJ66-jAxKxFGHDhRAfHsgsPXobra2jcc\/w452-h640\/2%20FICHA%20INSCRIPCION%20ESCUELA%20AJEDREZ%20TEMP%202024-25_001.jpg\" width=\"452\" \/><\/a><\/div>\n<p><\/p>\n","protected":false},"excerpt":{"rendered":"<p>&nbsp;En octubre comenzar\u00e1n las clases e nuestras escuelas deportivas. El orden ser\u00e1: martes 1 de octubre en Consuegra; mi\u00e9rcoles 2 de octubre en Illescas; s\u00e1bado 5 de octubre en Alc\u00e1zar de San juan (ma\u00f1ana) y ese mismo s\u00e1bado, por la tarde, en&nbsp; Villafranca de los Caballeros. Las inscripciones para las escuelas de ajedrez de Consuegra [&hellip;]<\/p>\n","protected":false},"author":1,"featured_media":997,"comment_status":"open","ping_status":"closed","sticky":false,"template":"","format":"standard","meta":{"footnotes":""},"categories":[1],"tags":[],"class_list":["post-996","post","type-post","status-publish","format-standard","has-post-thumbnail","hentry","category-noticias"],"_links":{"self":[{"href":"https:\/\/www.bfv.cloud\/ajedrezeuropa\/wp-json\/wp\/v2\/posts\/996","targetHints":{"allow":["GET"]}}],"collection":[{"href":"https:\/\/www.bfv.cloud\/ajedrezeuropa\/wp-json\/wp\/v2\/posts"}],"about":[{"href":"https:\/\/www.bfv.cloud\/ajedrezeuropa\/wp-json\/wp\/v2\/types\/post"}],"author":[{"embeddable":true,"href":"https:\/\/www.bfv.cloud\/ajedrezeuropa\/wp-json\/wp\/v2\/users\/1"}],"replies":[{"embeddable":true,"href":"https:\/\/www.bfv.cloud\/ajedrezeuropa\/wp-json\/wp\/v2\/comments?post=996"}],"version-history":[{"count":1,"href":"https:\/\/www.bfv.cloud\/ajedrezeuropa\/wp-json\/wp\/v2\/posts\/996\/revisions"}],"predecessor-version":[{"id":1001,"href":"https:\/\/www.bfv.cloud\/ajedrezeuropa\/wp-json\/wp\/v2\/posts\/996\/revisions\/1001"}],"wp:featuredmedia":[{"embeddable":true,"href":"https:\/\/www.bfv.cloud\/ajedrezeuropa\/wp-json\/wp\/v2\/media\/997"}],"wp:attachment":[{"href":"https:\/\/www.bfv.cloud\/ajedrezeuropa\/wp-json\/wp\/v2\/media?parent=996"}],"wp:term":[{"taxonomy":"category","embeddable":true,"href":"https:\/\/www.bfv.cloud\/ajedrezeuropa\/wp-json\/wp\/v2\/categories?post=996"},{"taxonomy":"post_tag","embeddable":true,"href":"https:\/\/www.bfv.cloud\/ajedrezeuropa\/wp-json\/wp\/v2\/tags?post=996"}],"curies":[{"name":"wp","href":"https:\/\/api.w.org\/{rel}","templated":true}]}}